{"id":1690,"date":"2021-06-14T19:00:18","date_gmt":"2021-06-14T22:00:18","guid":{"rendered":"https:\/\/www.quimica.ufpr.br\/paginas\/isomeria\/?p=1690"},"modified":"2021-06-14T15:47:51","modified_gmt":"2021-06-14T18:47:51","slug":"a-quimica-e-a-sustentabilidade","status":"publish","type":"post","link":"http:\/\/www.quimica.ufpr.br\/paginas\/isomeria\/a-quimica-e-a-sustentabilidade\/","title":{"rendered":"A Qu\u00edmica e a sustentabilidade"},"content":{"rendered":"<h6 style=\"text-align: justify\"><span style=\"font-weight: 400\">No dia 05 de Junho foi comemorado o Dia Mundial do Meio Ambiente, o qual possui o objetivo de\u00a0 conscientizar e chamar a aten\u00e7\u00e3o do p\u00fablico em geral para temas acerca de quest\u00f5es ambientais.<\/span><\/h6>\n<h6 style=\"text-align: justify\"><span style=\"font-weight: 400\">Um t\u00f3pico muito importante discutido por essas quest\u00f5es \u00e9 a Sustentabilidade! Sustentabilidade \u00e9 a capacidade de conciliar as necessidades do presente sem comprometer os recursos naturais e a preven\u00e7\u00e3o ambiental do futuro, atrav\u00e9s de um desenvolvimento sustent\u00e1vel \u00e9 poss\u00edvel gerar mudan\u00e7as e metodologias positivas em prol do meio ambiente. <\/span><a href=\"https:\/\/www.quimica.ufpr.br\/paginas\/isomeria\/17-objetivos-do-desenvolvimento-sustentavel\/\"><b>Clique aqui<\/b><\/a><span style=\"font-weight: 400\"> para ler nosso post sobre os Objetivos do Desenvolvimento Sustent\u00e1vel (ODS) das Na\u00e7\u00f5es Unidas.<\/span><\/h6>\n<figure id=\"attachment_1702\" aria-describedby=\"caption-attachment-1702\" style=\"width: 204px\" class=\"wp-caption alignleft\"><img loading=\"lazy\" decoding=\"async\" class=\"wp-image-1702\" src=\"http:\/\/www.quimica.ufpr.br\/paginas\/isomeria\/wp-content\/uploads\/sites\/40\/2021\/06\/2.png\" alt=\"\" width=\"204\" height=\"204\" srcset=\"http:\/\/www.quimica.ufpr.br\/paginas\/isomeria\/wp-content\/uploads\/sites\/40\/2021\/06\/2.png 500w, http:\/\/www.quimica.ufpr.br\/paginas\/isomeria\/wp-content\/uploads\/sites\/40\/2021\/06\/2-300x300.png 300w, http:\/\/www.quimica.ufpr.br\/paginas\/isomeria\/wp-content\/uploads\/sites\/40\/2021\/06\/2-150x150.png 150w\" sizes=\"auto, (max-width: 204px) 100vw, 204px\" \/><figcaption id=\"caption-attachment-1702\" class=\"wp-caption-text\">Fonte: TEM Sustent\u00e1vel<\/figcaption><\/figure>\n<h6 style=\"text-align: justify\"><span style=\"font-weight: 400\">Ao longo dos \u00faltimos anos, o mercado de consumo vem alterando cada vez mais sua din\u00e2mica para um vi\u00e9s sustent\u00e1vel. Processos de produ\u00e7\u00e3o que sejam ambientalmente nocivos passaram a ser punidos e substitu\u00eddos por a\u00e7\u00f5es ambientalmente corretas, chamadas de \u201cverdes\u201d. No lugar deles, organiza\u00e7\u00f5es inovadoras e sustent\u00e1veis est\u00e3o surgindo e crescendo no mercado ao introduzirem novos produtos ou simplesmente melhorias destes no \u00e2mbito sustent\u00e1vel.<\/span><\/h6>\n<h6 style=\"text-align: justify\"><span style=\"text-decoration: underline;font-size: 18pt\"><strong><span style=\"color: #98d25a;text-decoration: underline\">Como a Qu\u00edmica se encaixa na sustentabilidade?<\/span><\/strong><\/span><\/h6>\n<h6 style=\"text-align: justify\"><span style=\"font-weight: 400\">A Qu\u00edmica e sua ind\u00fastria tiveram que evoluir juntamente com o mundo para se tornar sustent\u00e1vel. A Qu\u00edmica Verde surge a partir desse contexto. Ao ser consolidada na d\u00e9cada de 90, re\u00fane uma s\u00e9rie de princ\u00edpios e pr\u00e1ticas com o objetivo de introduzir um novo padr\u00e3o de sustentabilidade para a ind\u00fastria e ci\u00eancia qu\u00edmica.<\/span><\/h6>\n<h6 style=\"text-align: justify\"><span style=\"font-weight: 400\">Perceba como o termo \u201cverde\u201d passou a ser adotado como uma esp\u00e9cie de identificador da sustentabilidade aplicada em diversos meios.<\/span><\/h6>\n<h6 style=\"text-align: justify\"><span style=\"font-weight: 400\">Essa nova abordagem da Qu\u00edmica Verde \u00e9 baseada na redu\u00e7\u00e3o e elimina\u00e7\u00e3o de subst\u00e2ncias nocivas ao meio ambiente e \u00e0 sa\u00fade humana a partir do desenvolvimento de novos produtos e processos sustent\u00e1veis, que n\u00e3o prejudiquem o futuro do meio natural.<\/span><\/h6>\n<h6 style=\"text-align: justify\"><span style=\"font-weight: 400\">Entretanto, para que os objetivos sustent\u00e1veis da Qu\u00edmica sejam alcan\u00e7ados \u00e9 necess\u00e1rio que ocorra o desenvolvimento de novos m\u00e9todos, atrav\u00e9s da \u00e1rea de Pesquisa e Desenvolvimento (P&amp;D), na qual a inova\u00e7\u00e3o \u00e9 a palavra-chave.<\/span><\/h6>\n<h6 style=\"text-align: justify\"><span style=\"text-decoration: underline;font-size: 18pt\"><strong><span style=\"color: #98d25a;text-decoration: underline\">Import\u00e2ncia da Pesquisa e Desenvolvimento (P&amp;D)<\/span><\/strong><\/span><\/h6>\n<h6 style=\"text-align: justify\"><span style=\"font-weight: 400\">A \u00e1rea de P&amp;D vem ajudando as empresas na busca pelo melhor produto poss\u00edvel com o menor custo, contribuindo para a competitividade no mercado. Todavia, como vimos anteriormente, essa \u00e1rea tamb\u00e9m atua para tornar a empresa mais sustent\u00e1vel!<\/span><\/h6>\n<h6 style=\"text-align: justify\"><span style=\"font-weight: 400\">P&amp;D \u00e9 a jun\u00e7\u00e3o da pesquisa &#8211; ferramenta para a descoberta de novos processos e conhecimentos &#8211; e do desenvolvimento &#8211; a aplica\u00e7\u00e3o desses novos aprendizados para a obten\u00e7\u00e3o de resultados pr\u00e1ticos.<\/span><\/h6>\n<figure id=\"attachment_1706\" aria-describedby=\"caption-attachment-1706\" style=\"width: 204px\" class=\"wp-caption alignright\"><img loading=\"lazy\" decoding=\"async\" class=\"wp-image-1706\" src=\"http:\/\/www.quimica.ufpr.br\/paginas\/isomeria\/wp-content\/uploads\/sites\/40\/2021\/06\/1.png\" alt=\"\" width=\"204\" height=\"204\" srcset=\"http:\/\/www.quimica.ufpr.br\/paginas\/isomeria\/wp-content\/uploads\/sites\/40\/2021\/06\/1.png 500w, http:\/\/www.quimica.ufpr.br\/paginas\/isomeria\/wp-content\/uploads\/sites\/40\/2021\/06\/1-300x300.png 300w, http:\/\/www.quimica.ufpr.br\/paginas\/isomeria\/wp-content\/uploads\/sites\/40\/2021\/06\/1-150x150.png 150w\" sizes=\"auto, (max-width: 204px) 100vw, 204px\" \/><figcaption id=\"caption-attachment-1706\" class=\"wp-caption-text\">Fonte: NEOENERGIA<\/figcaption><\/figure>\n<h6 style=\"text-align: justify\"><span style=\"font-weight: 400\">No contexto sustent\u00e1vel, a Pesquisa e Desenvolvimento se une \u00e0 inova\u00e7\u00e3o no desafio de desenvolver produtos\/processos que sejam baratos, eficientes e que n\u00e3o causem impactos ao futuro do meio ambiente, sendo capazes de serem reutilizados e que n\u00e3o sejam nocivos. Veja que somente atrav\u00e9s da inova\u00e7\u00e3o constante \u00e9 que \u00e9 poss\u00edvel se otimizar processos, tornando-os menos nocivos ao meio ambiente.<\/span><\/h6>\n<h6 style=\"text-align: justify\"><span style=\"font-weight: 400\">A Qu\u00edmica Verde est\u00e1 constantemente focada na inova\u00e7\u00e3o de seus processos e atua intrinsecamente com a \u00e1rea de Pesquisa e Desenvolvimento, sempre buscando novas maneiras de continuar suas demandas atuais sem prejudicar o futuro de nosso planeta, tornando as suas atividades sustent\u00e1veis em prol das futuras gera\u00e7\u00f5es.<\/span><\/h6>\n<h6 style=\"text-align: justify\"><span style=\"font-weight: 400\">A Isomeria &#8211; Solu\u00e7\u00f5es em Qu\u00edmica trabalha sempre buscando transformar a sua empresa na vers\u00e3o mais sustent\u00e1vel poss\u00edvel, ligando nossos projetos com os Objetivos do Desenvolvimento Sustent\u00e1vel da ONU.\u00a0 Al\u00e9m disso, oferecemos o servi\u00e7o de Pesquisa e Desenvolvimento, no qual ajudamos a encontrar a solu\u00e7\u00e3o mais apropriada para sua empresa, tanto no meio ambiental quanto pr\u00e1tico. Entre em contato para discutirmos o melhor futuro para sua empresa!\u00a0\u00a0<\/span><\/h6>\n<h6 style=\"text-align: right\"><span style=\"font-weight: 400\">Fonte: SQ Qu\u00edmica<br \/>\nPor: Let\u00edcia Lima Ludovico<\/span><\/h6>\n<p>&nbsp;<\/p>\n","protected":false},"excerpt":{"rendered":"<p>No dia 05 de Junho foi comemorado o Dia Mundial do Meio Ambiente, o qual possui o objetivo de\u00a0 conscientizar e chamar a aten\u00e7\u00e3o do p\u00fablico em geral para temas acerca de quest\u00f5es ambientais. Um t\u00f3pico muito importante discutido por essas quest\u00f5es \u00e9 a Sustentabilidade! Sustentabilidade \u00e9 a capacidade de conciliar as necessidades [&hellip;]<\/p>\n","protected":false},"author":38,"featured_media":1709,"comment_status":"closed","ping_status":"closed","sticky":false,"template":"","format":"standard","meta":{"footnotes":""},"categories":[1],"tags":[12,14,13],"class_list":["post-1690","post","type-post","status-publish","format-standard","has-post-thumbnail","hentry","category-sem-categoria","tag-bacharelado","tag-pd","tag-sustentabilidade"],"_links":{"self":[{"href":"http:\/\/www.quimica.ufpr.br\/paginas\/isomeria\/wp-json\/wp\/v2\/posts\/1690","targetHints":{"allow":["GET"]}}],"collection":[{"href":"http:\/\/www.quimica.ufpr.br\/paginas\/isomeria\/wp-json\/wp\/v2\/posts"}],"about":[{"href":"http:\/\/www.quimica.ufpr.br\/paginas\/isomeria\/wp-json\/wp\/v2\/types\/post"}],"author":[{"embeddable":true,"href":"http:\/\/www.quimica.ufpr.br\/paginas\/isomeria\/wp-json\/wp\/v2\/users\/38"}],"replies":[{"embeddable":true,"href":"http:\/\/www.quimica.ufpr.br\/paginas\/isomeria\/wp-json\/wp\/v2\/comments?post=1690"}],"version-history":[{"count":15,"href":"http:\/\/www.quimica.ufpr.br\/paginas\/isomeria\/wp-json\/wp\/v2\/posts\/1690\/revisions"}],"predecessor-version":[{"id":1707,"href":"http:\/\/www.quimica.ufpr.br\/paginas\/isomeria\/wp-json\/wp\/v2\/posts\/1690\/revisions\/1707"}],"wp:featuredmedia":[{"embeddable":true,"href":"http:\/\/www.quimica.ufpr.br\/paginas\/isomeria\/wp-json\/wp\/v2\/media\/1709"}],"wp:attachment":[{"href":"http:\/\/www.quimica.ufpr.br\/paginas\/isomeria\/wp-json\/wp\/v2\/media?parent=1690"}],"wp:term":[{"taxonomy":"category","embeddable":true,"href":"http:\/\/www.quimica.ufpr.br\/paginas\/isomeria\/wp-json\/wp\/v2\/categories?post=1690"},{"taxonomy":"post_tag","embeddable":true,"href":"http:\/\/www.quimica.ufpr.br\/paginas\/isomeria\/wp-json\/wp\/v2\/tags?post=1690"}],"curies":[{"name":"wp","href":"https:\/\/api.w.org\/{rel}","templated":true}]}}